{"id":2599,"date":"2025-02-07T12:14:56","date_gmt":"2025-02-07T12:14:56","guid":{"rendered":"https:\/\/www.mgvnussloch.de\/?p=2599"},"modified":"2025-02-07T12:14:56","modified_gmt":"2025-02-07T12:14:56","slug":"weihnachtssingen-des-mgv-1867-nussloch-ein-stimmungsvoller-hoehepunkt-der-adventszeit","status":"publish","type":"post","link":"https:\/\/www.mgvnussloch.de\/?p=2599","title":{"rendered":"Weihnachtssingen des MGV 1867 Nu\u00dfloch \u2013 Ein stimmungsvoller H\u00f6hepunkt der Adventszeit"},"content":{"rendered":"\n<p>Am Sonntag, den 22. Dezember 2024, verwandelte sich die katholische Pfarrkirche St. Laurentius in Nu\u00dfloch in einen Ort voller weihnachtlicher Harmonie und festlicher Kl\u00e4nge. Bereits fr\u00fchzeitig str\u00f6mten die Besucher in die Kirche, die bis auf den letzten Platz gef\u00fcllt war \u2013 ein deutliches Zeichen daf\u00fcr, welch hohen Stellenwert das Weihnachtssingen des MGV 1867 Nu\u00dfloch in der Gemeinde genie\u00dft. Der gro\u00dfe Erfolg l\u00e4sst erwarten, dass das Konzert im kommenden Jahr noch schneller ausverkauft sein wird.<\/p>\n\n\n\n<p>Das musikalische Programm, das unter der Leitung von Markus Zepp pr\u00e4sentiert wurde, bot eine eindrucksvolle Mischung aus traditionellen und modernen Weihnachtsliedern. Der gemischte Chor des MGV 1867 Nu\u00dfloch, verst\u00e4rkt durch Mitglieder des Projektchors, \u00fcberzeugte mit facettenreichen Darbietungen. Begleitet wurden sie vom Karlsruher Blechbl\u00e4serensemble \u201esine nomine\u201c \u2013 mit Daniel Wimmer und Michael Gerstenmeyer an den Trompeten sowie Johann Schilf und Marina Yoshimi an den Posaunen \u2013 sowie vom Organisten Patrick Wippel. Ein besonderer Glanzpunkt war der Auftritt der Sopranistin Daniela K\u00f6hler aus Forst, die mit ihrer beeindruckenden Stimme f\u00fcr emotionale H\u00f6hepunkte sorgte.<\/p>\n\n\n\n<p>Das Repertoire spannte einen Bogen von barocken Meisterwerken wie Bachs \u201eWachet auf, ruft uns die Stimme\u201c bis hin zu modernen Klassikern wie John Rutters \u201eWeihnachtswiegenlied\u201c. Besonders hervorzuheben war Daniela K\u00f6hlers Interpretation von Cherubinis \u201eAve Maria\u201c, die die Zuh\u00f6rer tief bewegte. Der Chor begeisterte mit St\u00fccken wie \u201eIn dulci jubilo\u201c, \u201eTollite hostias\u201c von Saint-Sa\u00ebns und dem traditionellen \u201eFreu dich, Erd und Sternenzelt\u201c.<\/p>\n\n\n\n<p>Einen besonderen Reiz des Abends bildete die Interaktivit\u00e4t: Immer wieder wurde das Publikum eingeladen, traditionelle Weihnachtslieder wie \u201eO du fr\u00f6hliche\u201c und \u201eKommet, ihr Hirten\u201c mitzusingen. Dies schuf eine herzliche, gemeinschaftliche Atmosph\u00e4re, die den Geist der Weihnachtszeit sp\u00fcrbar machte.<\/p>\n\n\n\n<p>Am Ende des Konzerts dankte die Vorsitzende des MGV, Beate G\u00f6tz, allen Beteiligten \u2013 von der Sopranistin \u00fcber die Instrumentalisten bis hin zum Publikum \u2013 f\u00fcr ihr Engagement und ihre Begeisterung. Mit Engelbert Humperdincks \u201eAbendsegen\u201c aus der Oper <em>H\u00e4nsel und Gretel<\/em> und einem gemeinsamen \u201eStille Nacht, heilige Nacht\u201c fand das Konzert einen ergreifenden Abschluss, der vielen Besuchern noch lange in Erinnerung bleiben wird.<\/p>\n\n\n\n<p>Das zweite Weihnachtssingen des MGV 1867 Nu\u00dfloch war damit nicht nur ein musikalisches, sondern auch ein emotionales Highlight der Vorweihnachtszeit. Es ist mittlerweile zu einer festen Tradition geworden, die die Adventszeit in Nu\u00dfloch bereichert.<\/p>\n\n\n\n<figure class=\"wp-block-image size-large\"><a href=\"https:\/\/www.mgvnussloch.de\/wp-content\/uploads\/2025\/02\/IMG_20241222_172022-scaled.jpg\"><img loading=\"lazy\" decoding=\"async\" width=\"1024\" height=\"473\" src=\"https:\/\/www.mgvnussloch.de\/wp-content\/uploads\/2025\/02\/IMG_20241222_172022-1024x473.jpg\" alt=\"\" class=\"wp-image-2600\" srcset=\"https:\/\/www.mgvnussloch.de\/wp-content\/uploads\/2025\/02\/IMG_20241222_172022-1024x473.jpg 1024w, https:\/\/www.mgvnussloch.de\/wp-content\/uploads\/2025\/02\/IMG_20241222_172022-300x139.jpg 300w, https:\/\/www.mgvnussloch.de\/wp-content\/uploads\/2025\/02\/IMG_20241222_172022-768x355.jpg 768w, https:\/\/www.mgvnussloch.de\/wp-content\/uploads\/2025\/02\/IMG_20241222_172022-1536x710.jpg 1536w, https:\/\/www.mgvnussloch.de\/wp-content\/uploads\/2025\/02\/IMG_20241222_172022-2048x946.jpg 2048w\" sizes=\"(max-width: 1024px) 100vw, 1024px\" \/><\/a><\/figure>\n\n\n\n<figure class=\"wp-block-image size-large\"><a href=\"https:\/\/www.mgvnussloch.de\/wp-content\/uploads\/2025\/02\/IMG_20241222_171556-scaled.jpg\"><img loading=\"lazy\" decoding=\"async\" width=\"1024\" height=\"473\" src=\"https:\/\/www.mgvnussloch.de\/wp-content\/uploads\/2025\/02\/IMG_20241222_171556-1024x473.jpg\" alt=\"\" class=\"wp-image-2601\" srcset=\"https:\/\/www.mgvnussloch.de\/wp-content\/uploads\/2025\/02\/IMG_20241222_171556-1024x473.jpg 1024w, https:\/\/www.mgvnussloch.de\/wp-content\/uploads\/2025\/02\/IMG_20241222_171556-300x139.jpg 300w, https:\/\/www.mgvnussloch.de\/wp-content\/uploads\/2025\/02\/IMG_20241222_171556-768x355.jpg 768w, https:\/\/www.mgvnussloch.de\/wp-content\/uploads\/2025\/02\/IMG_20241222_171556-1536x710.jpg 1536w, https:\/\/www.mgvnussloch.de\/wp-content\/uploads\/2025\/02\/IMG_20241222_171556-2048x946.jpg 2048w\" sizes=\"(max-width: 1024px) 100vw, 1024px\" \/><\/a><\/figure>\n\n\n\n<figure class=\"wp-block-image size-large\"><a href=\"https:\/\/www.mgvnussloch.de\/wp-content\/uploads\/2025\/02\/IMG_20241222_173601-scaled.jpg\"><img loading=\"lazy\" decoding=\"async\" width=\"1024\" height=\"473\" src=\"https:\/\/www.mgvnussloch.de\/wp-content\/uploads\/2025\/02\/IMG_20241222_173601-1024x473.jpg\" alt=\"\" class=\"wp-image-2602\" srcset=\"https:\/\/www.mgvnussloch.de\/wp-content\/uploads\/2025\/02\/IMG_20241222_173601-1024x473.jpg 1024w, https:\/\/www.mgvnussloch.de\/wp-content\/uploads\/2025\/02\/IMG_20241222_173601-300x139.jpg 300w, https:\/\/www.mgvnussloch.de\/wp-content\/uploads\/2025\/02\/IMG_20241222_173601-768x355.jpg 768w, https:\/\/www.mgvnussloch.de\/wp-content\/uploads\/2025\/02\/IMG_20241222_173601-1536x710.jpg 1536w, https:\/\/www.mgvnussloch.de\/wp-content\/uploads\/2025\/02\/IMG_20241222_173601-2048x946.jpg 2048w\" sizes=\"(max-width: 1024px) 100vw, 1024px\" \/><\/a><\/figure>\n","protected":false},"excerpt":{"rendered":"<p>Am Sonntag, den 22. Dezember 2024, verwandelte sich die katholische Pfarrkirche St. Laurentius in Nu\u00dfloch in einen Ort voller weihnachtlicher Harmonie und festlicher Kl\u00e4nge. Bereits fr\u00fchzeitig str\u00f6mten die Besucher in die Kirche, die bis auf den letzten Platz gef\u00fcllt war &hellip; <a href=\"https:\/\/www.mgvnussloch.de\/?p=2599\">Weiterlesen <span class=\"meta-nav\">&rarr;<\/span><\/a><\/p>\n","protected":false},"author":7,"featured_media":0,"comment_status":"closed","ping_status":"open","sticky":false,"template":"","format":"standard","meta":{"om_disable_all_campaigns":false,"_monsterinsights_skip_tracking":false,"_monsterinsights_sitenote_active":false,"_monsterinsights_sitenote_note":"","_monsterinsights_sitenote_category":0,"footnotes":""},"categories":[1],"tags":[],"_links":{"self":[{"href":"https:\/\/www.mgvnussloch.de\/index.php?rest_route=\/wp\/v2\/posts\/2599"}],"collection":[{"href":"https:\/\/www.mgvnussloch.de\/index.php?rest_route=\/wp\/v2\/posts"}],"about":[{"href":"https:\/\/www.mgvnussloch.de\/index.php?rest_route=\/wp\/v2\/types\/post"}],"author":[{"embeddable":true,"href":"https:\/\/www.mgvnussloch.de\/index.php?rest_route=\/wp\/v2\/users\/7"}],"replies":[{"embeddable":true,"href":"https:\/\/www.mgvnussloch.de\/index.php?rest_route=%2Fwp%2Fv2%2Fcomments&post=2599"}],"version-history":[{"count":0,"href":"https:\/\/www.mgvnussloch.de\/index.php?rest_route=\/wp\/v2\/posts\/2599\/revisions"}],"wp:attachment":[{"href":"https:\/\/www.mgvnussloch.de\/index.php?rest_route=%2Fwp%2Fv2%2Fmedia&parent=2599"}],"wp:term":[{"taxonomy":"category","embeddable":true,"href":"https:\/\/www.mgvnussloch.de\/index.php?rest_route=%2Fwp%2Fv2%2Fcategories&post=2599"},{"taxonomy":"post_tag","embeddable":true,"href":"https:\/\/www.mgvnussloch.de\/index.php?rest_route=%2Fwp%2Fv2%2Ftags&post=2599"}],"curies":[{"name":"wp","href":"https:\/\/api.w.org\/{rel}","templated":true}]}}