{"id":2452,"date":"2023-10-15T09:17:26","date_gmt":"2023-10-15T09:17:26","guid":{"rendered":"http:\/\/www.mgvnussloch.de\/?p=2452"},"modified":"2023-10-15T09:19:45","modified_gmt":"2023-10-15T09:19:45","slug":"deutschland-wie-es-singt-und-klingt-3-oktober-2023","status":"publish","type":"post","link":"https:\/\/www.mgvnussloch.de\/?p=2452","title":{"rendered":"Deutschland wie es singt und klingt 3. Oktober 2023"},"content":{"rendered":"\n<p>Am 03. Oktober, dem &#8222;Tag der Deutschen Einheit&#8220;, wurde die Wiedervereinigung Deutschlands auf verschiedene Arten gefeiert. Die Aktion &#8220; Deutschland wie es singt und klingt&#8220;, vom Deutschen Musikrat, dem Deutschen St\u00e4dtetag und der evangelischen Kirche ins Leben gerufen, wollte diesen Tag mit einem bundesweiten Singen und Musizieren begehen. Da war auch in Nu\u00dfloch kein Halten mehr. Schlie\u00dflich waren und sind die Nu\u00dflocher schon immer der Musik engverbunden.<\/p>\n\n\n\n<p>Unser Chor trat um 15 Uhr auf dem Lindenplatz auf, wo sich schon eine Menge erwartungsvoller Zuschauer eingefunden hatte. Sie wurden nicht entt\u00e4uscht. F\u00fcr jeden war bei diesem Auftritt etwas dabei, Jung und Alt f\u00fchlte sich angesprochen.<\/p>\n\n\n\n<p>Zu beginn trugen die <strong>&#8222;Bruststimmen<\/strong>&#8220; drei bekannte Lieder aus ihrem Repertoire vor. F\u00fcr den begeisterten Applaus bedankten sich die vier Damen sehr herzlich mit einer Zugabe, die freudig aufgenommen wurde.<\/p>\n\n\n\n<p><strong>Nun war die Zeit f\u00fcr den MGV gekommen.<\/strong> Unser Chorleiter Markus Zepp hatte bei der Auswahl der Lieder wieder einmal ein gutes H\u00e4ndchen bewiesen. Der gelungen Mix von fr\u00f6hlichen und besinnlichen Liedern kam beim Publikum gut an. Der Gesamtchor, der mit der <strong>Europahymne<\/strong> begann, bot eine Auswahl bekannter Lieder auch zum Mitsingen, der Projektchor gab einen kleinen Vorgeschmack auf unser Konzert im Herbst 2024. <\/p>\n\n\n\n<p>Nach einer Zugabe verabschiedeten wir uns und schlossen die Feierstunde. Unser Chorleiter hatte wieder einmal bewiesen, dass er nicht nur eine besonderer Chorleiter, sondern auch ein ausgezeichneter Conferencier ist. Seine eingestreuten Erkl\u00e4rungen und Sp\u00e4\u00dfe zwischen den Gesangsst\u00fccken erf\u00fcllten voll und ganz ihren Zweck: Der Auftritt war aufgelockert, und die Werbung f\u00fcr unser Weihnachtslieder-Singen am 2. Adventssonntag und das Konzert 2024 kam auch nicht zu kurz. Alles im allem war es ein sch\u00f6nes musikalisches Ereignis, das uns viel Freude machte und viel Applaus brachte.<\/p>\n\n\n\n<p>Wir bedanken uns bei allen Mitwirkenden, bei unserem netten und Interessierten Publikum, das zahlreich erschienen war. MK<\/p>\n\n\n\n<p> <\/p>\n","protected":false},"excerpt":{"rendered":"<p>Am 03. Oktober, dem &#8222;Tag der Deutschen Einheit&#8220;, wurde die Wiedervereinigung Deutschlands auf verschiedene Arten gefeiert. Die Aktion &#8220; Deutschland wie es singt und klingt&#8220;, vom Deutschen Musikrat, dem Deutschen St\u00e4dtetag und der evangelischen Kirche ins Leben gerufen, wollte diesen &hellip; <a href=\"https:\/\/www.mgvnussloch.de\/?p=2452\">Weiterlesen <span class=\"meta-nav\">&rarr;<\/span><\/a><\/p>\n","protected":false},"author":2,"featured_media":0,"comment_status":"closed","ping_status":"open","sticky":false,"template":"","format":"standard","meta":{"om_disable_all_campaigns":false,"_monsterinsights_skip_tracking":false,"_monsterinsights_sitenote_active":false,"_monsterinsights_sitenote_note":"","_monsterinsights_sitenote_category":0,"footnotes":""},"categories":[1],"tags":[],"_links":{"self":[{"href":"https:\/\/www.mgvnussloch.de\/index.php?rest_route=\/wp\/v2\/posts\/2452"}],"collection":[{"href":"https:\/\/www.mgvnussloch.de\/index.php?rest_route=\/wp\/v2\/posts"}],"about":[{"href":"https:\/\/www.mgvnussloch.de\/index.php?rest_route=\/wp\/v2\/types\/post"}],"author":[{"embeddable":true,"href":"https:\/\/www.mgvnussloch.de\/index.php?rest_route=\/wp\/v2\/users\/2"}],"replies":[{"embeddable":true,"href":"https:\/\/www.mgvnussloch.de\/index.php?rest_route=%2Fwp%2Fv2%2Fcomments&post=2452"}],"version-history":[{"count":0,"href":"https:\/\/www.mgvnussloch.de\/index.php?rest_route=\/wp\/v2\/posts\/2452\/revisions"}],"wp:attachment":[{"href":"https:\/\/www.mgvnussloch.de\/index.php?rest_route=%2Fwp%2Fv2%2Fmedia&parent=2452"}],"wp:term":[{"taxonomy":"category","embeddable":true,"href":"https:\/\/www.mgvnussloch.de\/index.php?rest_route=%2Fwp%2Fv2%2Fcategories&post=2452"},{"taxonomy":"post_tag","embeddable":true,"href":"https:\/\/www.mgvnussloch.de\/index.php?rest_route=%2Fwp%2Fv2%2Ftags&post=2452"}],"curies":[{"name":"wp","href":"https:\/\/api.w.org\/{rel}","templated":true}]}}