{"id":2377,"date":"2023-02-01T13:02:34","date_gmt":"2023-02-01T13:02:34","guid":{"rendered":"http:\/\/www.mgvnussloch.de\/?p=2377"},"modified":"2023-10-05T15:03:52","modified_gmt":"2023-10-05T15:03:52","slug":"vereinsfeier-21-01-2023","status":"publish","type":"post","link":"https:\/\/www.mgvnussloch.de\/?p=2377","title":{"rendered":"Vereinsfeier 21.01.2023"},"content":{"rendered":"\n<p>Am Samstag, den 21. Januar 2023 \u00f6ffneten sich um 17 Uhr die T\u00fcren von Sancta Maria f\u00fcr alle unsere aktiven Mitglieder und deren Angeh\u00f6rige und f\u00fcr alle, die im letzten Jahr beim Queenkonzert mitgewirkt haben. Unsere Vereinsfeier die anstelle der Winterfeier stattfand, konnte beginnen.<\/p>\n\n\n\n<p>Nachdem unsere 1. Vorsitzende <strong>Beate G\u00f6tz<\/strong> die vielen G\u00e4ste willkommen gehei\u00dfen hatte \u2013 besonders unsere beiden Ehreng\u00e4ste <strong>Pfarrer Arul Lourdu<\/strong> und unseren <strong>B\u00fcrgermeister Joachim F\u00f6rster<\/strong> \u2013 begann auch schon der offizielle Teil der Feier mit den Ehrungen. F\u00fcnf Mitglieder unseres Vereins konnte der Bezirks-Referent des Chorverbandes Kurpfalz Heidelberg, <strong>Herr Karl-Heinz<\/strong> <strong>Schirmer<\/strong>, begl\u00fcckw\u00fcnschen. Es waren dies.:<\/p>\n\n\n\n<p><strong>Gerhard Nie\u00dfner und Joachim Volkmann f\u00fcr 40 Jahre singen im Verein, Harald Winter f\u00fcr 50 Jahre, Manfred Ditton f\u00fcr 65 Jahre, Gustav Seitz f\u00fcr unglaubliche 70 Jahre.<\/strong><\/p>\n\n\n\n<figure class=\"wp-block-image size-full is-resized\"><a href=\"http:\/\/www.mgvnussloch.de\/wp-content\/uploads\/2023\/02\/image.png\"><img loading=\"lazy\" decoding=\"async\" src=\"http:\/\/www.mgvnussloch.de\/wp-content\/uploads\/2023\/02\/image.png\" alt=\"\" class=\"wp-image-2378\" width=\"465\" height=\"348\" srcset=\"https:\/\/www.mgvnussloch.de\/wp-content\/uploads\/2023\/02\/image.png 1024w, https:\/\/www.mgvnussloch.de\/wp-content\/uploads\/2023\/02\/image-300x225.png 300w, https:\/\/www.mgvnussloch.de\/wp-content\/uploads\/2023\/02\/image-768x576.png 768w\" sizes=\"(max-width: 465px) 100vw, 465px\" \/><\/a><figcaption class=\"wp-element-caption\">Von rechts nach links: Gustav Seitz, Harald Winter, Beate G\u00f6tz;1.Vors.,K.H.Schirmer: Bezirksref. Chorverbd.HD, Manfred Ditton, Gerhard Nie\u00dfner, Joachim Volkmann.<\/figcaption><\/figure>\n\n\n\n<p>Sie alle wurden mit einer Urkunde gew\u00fcrdigt und mit einer goldenen Ehrennadel\u00a0 vom Deutschen Chorverband ausgezeichnet.<\/p>\n\n\n\n<p>Auch Beate G\u00f6tz lobte die flei\u00dfigen S\u00e4nger und ehrte sie und besonders <strong>Klaus Schweinfurth<\/strong> f\u00fcr 20 Jahre singen im Verein mit einem Pr\u00e4sent und einer Urkunde vom Verein.<\/p>\n\n\n\n<p>W\u00e4hren dieses ersten Teils der Feier trug der gemischte Chor f\u00fcnf anspruchsvolle Lieder aus seinem reichhaltigen Repertoire vor, die die G\u00e4ste mit gro\u00dfem Beifall belohnten.<\/p>\n\n\n\n<figure class=\"wp-block-image size-large is-resized\"><a href=\"http:\/\/www.mgvnussloch.de\/wp-content\/uploads\/2023\/02\/image-1.png\"><img loading=\"lazy\" decoding=\"async\" src=\"http:\/\/www.mgvnussloch.de\/wp-content\/uploads\/2023\/02\/image-1-1024x768.png\" alt=\"\" class=\"wp-image-2379\" width=\"498\" height=\"373\" srcset=\"https:\/\/www.mgvnussloch.de\/wp-content\/uploads\/2023\/02\/image-1-1024x768.png 1024w, https:\/\/www.mgvnussloch.de\/wp-content\/uploads\/2023\/02\/image-1-300x225.png 300w, https:\/\/www.mgvnussloch.de\/wp-content\/uploads\/2023\/02\/image-1-768x576.png 768w, https:\/\/www.mgvnussloch.de\/wp-content\/uploads\/2023\/02\/image-1-1536x1152.png 1536w, https:\/\/www.mgvnussloch.de\/wp-content\/uploads\/2023\/02\/image-1-2048x1536.png 2048w\" sizes=\"(max-width: 498px) 100vw, 498px\" \/><\/a><\/figure>\n\n\n\n<p>Nachdem die 1. Vorsitzende&nbsp; das B\u00fcfett er\u00f6ffnet hatte, war es erst einmal ziemlich ruhig im Saal \u2013 man hatte Hunger. Das B\u00fcfett war vielf\u00e4ltig. Lecker und reichhaltig und fand gro\u00dfen Anklang. Danke an alle Verantwortlichen. Einen gro\u00dfen Dank m\u00f6chte ich an dieser Stelle auch den M\u00e4dels aussprechen, die uns flott und freundlich mit Getr\u00e4nken versorgt haben. Hilfsbereit waren sie auch immer zur Stelle, wenn es Fragen zu beantworten oder kleine Problemchen zu l\u00f6sen galt. Dankesch\u00f6n ihr wart Klasse. Als der gro\u00dfe Hunger gestillt war ging es zum Unterhaltungsteil \u00fcber.<\/p>\n\n\n\n<p>Den Anfang machte Christa B\u00e4hr mit einem lustigen Mundartgedicht \u00fcbers \u201e<strong>Herrgottsk\u00e4ffale<\/strong>\u201c,&nbsp; das sie selbst verfasst hatte und gekonnt vortrug.<\/p>\n\n\n\n<p>Eine \u201e<strong>Chorprobe mit Markus Zepp<\/strong>\u201c f\u00fchrte uns unser Allroundtalent Ursel Hildwein mit einer Gruppe S\u00e4ngerinnen und S\u00e4ngern vor. Das Drehbuch hatte sie geschrieben, Regie  gef\u00fchrt und die Hauptrolle des Dirigenten \u00fcbernommen. Kein Auge blieb trocken, so gut imitierte sie unseren Chorleiter. Helga Scheid&nbsp; brachte uns mit ihrem \u2013 ebenfalls selbst verfassten \u2013 Gedicht noch einmal eine \u201e<strong>Nachlese zum Queenchor und Queenkonzert<\/strong>\u201c , was die Akteure dieses Ereignisses nat\u00fcrlich begeisterte, Mit gro\u00dfem Beifall wurde ihr Vortrag angenommen. Danach durften wir der \u201e<strong>Gerichtsverhandlung des<\/strong> <strong>singenden Landstreichers<\/strong>\u201c beiwohnen. Gustav Seitz als gravit\u00e4tischer Richter wollte einem Landstreicher verurteilen, der jedoch nicht sprechen, sondern nur singen konnte. Auf jede Frage des Richters hatte der Landstreicher Eberhard K\u00f6nig die passende musikalische Antwort parat, die er mit seinem gewaltigen Bass in den Saal schmetterte. Total entnervt warf der Richter schlie\u00dflich den Landstreicher raus und verbot ihm das Wiederkommen. Eberhard K\u00f6nig, nun so richtig auf den Geschmack gekommen, trat jetzt als \u201e <strong>Der Schneeschieber<\/strong>\u201c auf, dem die \u201egewaltigen\u201c Schneemassen der letzten beiden Tage arg zugesetzt hatten. Mit diesem Auftritt strapazierte er noch einmal die Lachmuskeln aller, die den Vortrag begeistert aufnahmen. Bei allen Akteuren bedanken wir uns ganz herzlich. Trotz des Zeitdrucks haben sie ein tolles Programm auf die Beine gestellt. Auch allen anderen, die bei der Planung und Durchf\u00fchrung dieser Vereinsfeier in irgendeiner Weise geholfen haben, gilt unser gro\u00dfer Dank. Ihr habt das fast Unm\u00f6gliche m\u00f6glich gemacht.    <strong>MK<\/strong><\/p>\n","protected":false},"excerpt":{"rendered":"<p>Am Samstag, den 21. Januar 2023 \u00f6ffneten sich um 17 Uhr die T\u00fcren von Sancta Maria f\u00fcr alle unsere aktiven Mitglieder und deren Angeh\u00f6rige und f\u00fcr alle, die im letzten Jahr beim Queenkonzert mitgewirkt haben. Unsere Vereinsfeier die anstelle der &hellip; <a href=\"https:\/\/www.mgvnussloch.de\/?p=2377\">Weiterlesen <span class=\"meta-nav\">&rarr;<\/span><\/a><\/p>\n","protected":false},"author":2,"featured_media":0,"comment_status":"closed","ping_status":"open","sticky":false,"template":"","format":"standard","meta":{"om_disable_all_campaigns":false,"_monsterinsights_skip_tracking":false,"_monsterinsights_sitenote_active":false,"_monsterinsights_sitenote_note":"","_monsterinsights_sitenote_category":0,"footnotes":""},"categories":[1],"tags":[],"_links":{"self":[{"href":"https:\/\/www.mgvnussloch.de\/index.php?rest_route=\/wp\/v2\/posts\/2377"}],"collection":[{"href":"https:\/\/www.mgvnussloch.de\/index.php?rest_route=\/wp\/v2\/posts"}],"about":[{"href":"https:\/\/www.mgvnussloch.de\/index.php?rest_route=\/wp\/v2\/types\/post"}],"author":[{"embeddable":true,"href":"https:\/\/www.mgvnussloch.de\/index.php?rest_route=\/wp\/v2\/users\/2"}],"replies":[{"embeddable":true,"href":"https:\/\/www.mgvnussloch.de\/index.php?rest_route=%2Fwp%2Fv2%2Fcomments&post=2377"}],"version-history":[{"count":0,"href":"https:\/\/www.mgvnussloch.de\/index.php?rest_route=\/wp\/v2\/posts\/2377\/revisions"}],"wp:attachment":[{"href":"https:\/\/www.mgvnussloch.de\/index.php?rest_route=%2Fwp%2Fv2%2Fmedia&parent=2377"}],"wp:term":[{"taxonomy":"category","embeddable":true,"href":"https:\/\/www.mgvnussloch.de\/index.php?rest_route=%2Fwp%2Fv2%2Fcategories&post=2377"},{"taxonomy":"post_tag","embeddable":true,"href":"https:\/\/www.mgvnussloch.de\/index.php?rest_route=%2Fwp%2Fv2%2Ftags&post=2377"}],"curies":[{"name":"wp","href":"https:\/\/api.w.org\/{rel}","templated":true}]}}