{"id":2228,"date":"2021-09-05T09:26:25","date_gmt":"2021-09-05T09:26:25","guid":{"rendered":"http:\/\/www.mgvnussloch.de\/?p=2228"},"modified":"2021-10-07T10:12:12","modified_gmt":"2021-10-07T10:12:12","slug":"wieder-chorproben","status":"publish","type":"post","link":"https:\/\/www.mgvnussloch.de\/?p=2228","title":{"rendered":"Wieder Chorproben."},"content":{"rendered":"\n<p>Juhu, ab <strong>Dienstag, den 7.09.2021 <\/strong>beginnen wieder unsere Chorproben und zwar um <strong>19.00 Uhr  im S\u00e4ngersaal des kath. Gemeindehauses &#8222;Sancta Maria&#8220;  in der Blumenstr.<\/strong> Unser Chorleiter Marcus Zepp w\u00fcrde sich freuen, wenn er wieder alle Chors\u00e4nger*innen an diesem Abend begr\u00fc\u00dfen d\u00fcrfte.  Dies ist auch die beste Gelegenheit f\u00fcr den Einstieg motivierter Leute die am Singen interessiert sind. Kommen sie einfach am Dienstag in die Chorprobe. Unser qualifizierter Chorleiter wird Ihnen alles beibringen was zum Singen erforderlich ist.                                                                                                                                            Wir w\u00fcrden uns freuen, wenn wir zahlreiche neue S\u00e4nger*innen begr\u00fc\u00dfen d\u00fcrfte<\/p>\n\n\n\n<p><\/p>\n\n\n\n<p><\/p>\n","protected":false},"excerpt":{"rendered":"<p>Juhu, ab Dienstag, den 7.09.2021 beginnen wieder unsere Chorproben und zwar um 19.00 Uhr im S\u00e4ngersaal des kath. Gemeindehauses &#8222;Sancta Maria&#8220; in der Blumenstr. Unser Chorleiter Marcus Zepp w\u00fcrde sich freuen, wenn er wieder alle Chors\u00e4nger*innen an diesem Abend begr\u00fc\u00dfen &hellip; <a href=\"https:\/\/www.mgvnussloch.de\/?p=2228\">Weiterlesen <span class=\"meta-nav\">&rarr;<\/span><\/a><\/p>\n","protected":false},"author":2,"featured_media":0,"comment_status":"closed","ping_status":"open","sticky":false,"template":"","format":"standard","meta":{"om_disable_all_campaigns":false,"_monsterinsights_skip_tracking":false,"_monsterinsights_sitenote_active":false,"_monsterinsights_sitenote_note":"","_monsterinsights_sitenote_category":0,"footnotes":""},"categories":[1],"tags":[],"_links":{"self":[{"href":"https:\/\/www.mgvnussloch.de\/index.php?rest_route=\/wp\/v2\/posts\/2228"}],"collection":[{"href":"https:\/\/www.mgvnussloch.de\/index.php?rest_route=\/wp\/v2\/posts"}],"about":[{"href":"https:\/\/www.mgvnussloch.de\/index.php?rest_route=\/wp\/v2\/types\/post"}],"author":[{"embeddable":true,"href":"https:\/\/www.mgvnussloch.de\/index.php?rest_route=\/wp\/v2\/users\/2"}],"replies":[{"embeddable":true,"href":"https:\/\/www.mgvnussloch.de\/index.php?rest_route=%2Fwp%2Fv2%2Fcomments&post=2228"}],"version-history":[{"count":0,"href":"https:\/\/www.mgvnussloch.de\/index.php?rest_route=\/wp\/v2\/posts\/2228\/revisions"}],"wp:attachment":[{"href":"https:\/\/www.mgvnussloch.de\/index.php?rest_route=%2Fwp%2Fv2%2Fmedia&parent=2228"}],"wp:term":[{"taxonomy":"category","embeddable":true,"href":"https:\/\/www.mgvnussloch.de\/index.php?rest_route=%2Fwp%2Fv2%2Fcategories&post=2228"},{"taxonomy":"post_tag","embeddable":true,"href":"https:\/\/www.mgvnussloch.de\/index.php?rest_route=%2Fwp%2Fv2%2Ftags&post=2228"}],"curies":[{"name":"wp","href":"https:\/\/api.w.org\/{rel}","templated":true}]}}