{"id":2122,"date":"2020-01-21T13:31:25","date_gmt":"2020-01-21T13:31:25","guid":{"rendered":"http:\/\/www.mgvnussloch.de\/?p=2122"},"modified":"2020-01-21T13:36:32","modified_gmt":"2020-01-21T13:36:32","slug":"der-mgv-1867-maenner-und-frauenchor-liess-noch-einmal-weihnachtliche-stimmung-aufkommen","status":"publish","type":"post","link":"http:\/\/www.mgvnussloch.de\/?p=2122","title":{"rendered":"Der MGV 1867 M\u00e4nner- und Frauenchor lie\u00df noch einmal weihnachtliche Stimmung aufkommen."},"content":{"rendered":"<p>Am Sonntag, den 5. Januar fand in der kath. Kirche St. Laurentius unser &#8222;Alpenl\u00e4ndisches Weihnachtskonzert&#8220; statt. Die Kirche war vollbesetzt und die Erwartungen, mit denen die vielen G\u00e4sten gekommen waren, waren gro\u00df.\u00a0 \u00a0 \u00a0 \u00a0 \u00a0 \u00a0 \u00a0 \u00a0 \u00a0 \u00a0 \u00a0 \u00a0 \u00a0 \u00a0 \u00a0 \u00a0 \u00a0 \u00a0 \u00a0 \u00a0 \u00a0 \u00a0 \u00a0 \u00a0 \u00a0 \u00a0 \u00a0 \u00a0 \u00a0 \u00a0 \u00a0 \u00a0 \u00a0 \u00a0 \u00a0 \u00a0 \u00a0 \u00a0 \u00a0 \u00a0 \u00a0 \u00a0 Und sie wurden alle erf\u00fcllt. Das Konzert, dessen Organisation und k\u00fcnstlerisches Konzept\u00a0 in den H\u00e4nden unseres Chorleiters Markus Zepp lag, wurde ein voller Erfolg. Die Rezitationen von Dieter Degreif schufen von Anfang an eine Atmosph\u00e4re von Ruhe und Wohlgef\u00fchl. Er hatte auf Altbew\u00e4hrtes zur\u00fcckgegriffen und trug weihnachtliche Texte von Heinrich Waggerl, Werner Bergengr\u00fcn und Peter Cornelius vor. Rezitation und Musik verschmolzen miteinander und nahmen die Zuh\u00f6rer\/innen gefangen. Der MGV bestens vorbereitet von Chorleiter Zepp, sang bekannte Lieder wie&#8220; Es ist ein Ros entsprungen&#8220; oder &#8222;Tochter Zion&#8220;. Aber auch zarte, wehm\u00fctige Weisen aus der Alpenregion wurden vorgetragen. Dem Chor gelang es, die schlichten, einfachen Lieder individuell zu interpretieren und\u00a0 sie damit zu kleinen Kunstwerken zu machen. Es war eine gro\u00dfartige Leistung von Chor und Chorleiter.\u00a0 \u00a0 \u00a0 \u00a0 \u00a0 \u00a0 \u00a0 \u00a0 \u00a0 \u00a0 \u00a0 \u00a0 \u00a0 \u00a0 \u00a0 \u00a0 \u00a0 \u00a0 \u00a0 \u00a0 \u00a0 \u00a0 \u00a0 \u00a0 \u00a0 \u00a0 \u00a0 \u00a0 \u00a0 \u00a0 \u00a0 \u00a0 \u00a0 \u00a0 \u00a0 \u00a0 \u00a0 \u00a0 \u00a0 \u00a0 \u00a0 \u00a0 \u00a0 \u00a0 \u00a0 \u00a0 \u00a0 \u00a0 \u00a0 \u00a0 \u00a0 \u00a0 Das Alpenhornensemple &#8222;Die Badischen&#8220; und das Ensemble f\u00fcr Glasmusik &#8222;sinfonica di vetro&#8220; (zwei Spieler und eine S\u00e4ngerin mit wunderbarer Altstimme) verzauberten durch ihre Musik, die sowohl leise, zart und innig als auch freudig und kraftvoll den Geist der Weihnacht aufleben lie\u00df.\u00a0 Wie sehr das Konzert begeistert hatte zeigte der gro\u00dfe Beifall des Publikums. und mit der Zugabe eines wohl der sch\u00f6nsten Weihnachtslieder &#8222;Oh du fr\u00f6hliche&#8220;, in das auch die G\u00e4ste freudig einstimmten, endete dieses &#8222;besondere&#8220; Weihnachtskonzert.\u00a0 \u00a0 \u00a0 \u00a0 \u00a0 \u00a0 \u00a0 \u00a0 \u00a0 \u00a0 \u00a0 \u00a0 \u00a0 \u00a0 \u00a0 \u00a0 \u00a0 \u00a0 \u00a0 \u00a0 \u00a0 \u00a0 \u00a0 \u00a0 \u00a0 \u00a0 \u00a0 \u00a0 \u00a0 \u00a0 \u00a0 \u00a0 \u00a0 \u00a0 \u00a0 \u00a0 \u00a0 \u00a0 \u00a0 \u00a0 \u00a0 \u00a0 \u00a0 \u00a0 \u00a0 \u00a0 \u00a0 \u00a0 \u00a0 \u00a0 \u00a0 \u00a0 \u00a0 \u00a0 \u00a0 \u00a0 \u00a0 \u00a0 \u00a0 \u00a0 \u00a0 \u00a0 \u00a0 \u00a0 \u00a0 Wir bedanken uns an dieser Stelle noch einmal ganz herzlich bei allen, die zum Gelingen des Konzertes beigetragen haben. Bei: Markus Zepp f\u00fcr die Vorarbeit und die tolle Vorbereitung des Chores, Dieter Degreif f\u00fcr die gelungenen Rezitationen, bei den &#8222;Die Badischen&#8220; die uns mit ihren Alph\u00f6rnern in die Bergwelt versetzten, bei dem Ensemble &#8222;sinfonia di vetro&#8220; f\u00fcr die sph\u00e4rischen Kl\u00e4nge der Glasmusik, allen S\u00e4ngerinnen und S\u00e4ngern des MGV f\u00fcr gro\u00dfartige gesangliche Darbietung und nat\u00fcrlich beim tollen Publikum.\u00a0 \u00a0 \u00a0 \u00a0 \u00a0 \u00a0 \u00a0 \u00a0 \u00a0 \u00a0 \u00a0 \u00a0 \u00a0 \u00a0 \u00a0 \u00a0 \u00a0 \u00a0 \u00a0 \u00a0 \u00a0 \u00a0 \u00a0 \u00a0 \u00a0 \u00a0 \u00a0 \u00a0 \u00a0 \u00a0 \u00a0 \u00a0 \u00a0 \u00a0 \u00a0 \u00a0 \u00a0 \u00a0 \u00a0 \u00a0 \u00a0 \u00a0 \u00a0 \u00a0 \u00a0 \u00a0 \u00a0 \u00a0 \u00a0 \u00a0 \u00a0 \u00a0 \u00a0 \u00a0 \u00a0 \u00a0 \u00a0 \u00a0 \u00a0 \u00a0 \u00a0 \u00a0 \u00a0 \u00a0 \u00a0 \u00a0 \u00a0 \u00a0 \u00a0 \u00a0 \u00a0 \u00a0 \u00a0 \u00a0MK\u00a0 ( <em>entnommen der Rathaus Rundschau vom 17. Januar 2020\u00a0<\/em>)<\/p>\n<p>&nbsp;<\/p>\n","protected":false},"excerpt":{"rendered":"<p>Am Sonntag, den 5. Januar fand in der kath. Kirche St. Laurentius unser &#8222;Alpenl\u00e4ndisches Weihnachtskonzert&#8220; statt. Die Kirche war vollbesetzt und die Erwartungen, mit denen die vielen G\u00e4sten gekommen waren, waren gro\u00df.\u00a0 \u00a0 \u00a0 \u00a0 \u00a0 \u00a0 \u00a0 \u00a0 \u00a0 &hellip; <a href=\"http:\/\/www.mgvnussloch.de\/?p=2122\">Weiterlesen <span class=\"meta-nav\">&rarr;<\/span><\/a><\/p>\n","protected":false},"author":2,"featured_media":0,"comment_status":"closed","ping_status":"open","sticky":false,"template":"","format":"standard","meta":{"om_disable_all_campaigns":false,"_monsterinsights_skip_tracking":false,"_monsterinsights_sitenote_active":false,"_monsterinsights_sitenote_note":"","_monsterinsights_sitenote_category":0,"footnotes":""},"categories":[1],"tags":[],"_links":{"self":[{"href":"http:\/\/www.mgvnussloch.de\/index.php?rest_route=\/wp\/v2\/posts\/2122"}],"collection":[{"href":"http:\/\/www.mgvnussloch.de\/index.php?rest_route=\/wp\/v2\/posts"}],"about":[{"href":"http:\/\/www.mgvnussloch.de\/index.php?rest_route=\/wp\/v2\/types\/post"}],"author":[{"embeddable":true,"href":"http:\/\/www.mgvnussloch.de\/index.php?rest_route=\/wp\/v2\/users\/2"}],"replies":[{"embeddable":true,"href":"http:\/\/www.mgvnussloch.de\/index.php?rest_route=%2Fwp%2Fv2%2Fcomments&post=2122"}],"version-history":[{"count":0,"href":"http:\/\/www.mgvnussloch.de\/index.php?rest_route=\/wp\/v2\/posts\/2122\/revisions"}],"wp:attachment":[{"href":"http:\/\/www.mgvnussloch.de\/index.php?rest_route=%2Fwp%2Fv2%2Fmedia&parent=2122"}],"wp:term":[{"taxonomy":"category","embeddable":true,"href":"http:\/\/www.mgvnussloch.de\/index.php?rest_route=%2Fwp%2Fv2%2Fcategories&post=2122"},{"taxonomy":"post_tag","embeddable":true,"href":"http:\/\/www.mgvnussloch.de\/index.php?rest_route=%2Fwp%2Fv2%2Ftags&post=2122"}],"curies":[{"name":"wp","href":"https:\/\/api.w.org\/{rel}","templated":true}]}}